{"id":740,"date":"2022-10-28T20:00:00","date_gmt":"2022-10-28T20:00:00","guid":{"rendered":"https:\/\/promonatur.com\/blog\/?p=740"},"modified":"2022-10-26T16:34:40","modified_gmt":"2022-10-26T16:34:40","slug":"tarta-de-queso-con-mermelada-de-arandanos","status":"publish","type":"post","link":"https:\/\/promonatur.com\/blog\/2022\/10\/28\/tarta-de-queso-con-mermelada-de-arandanos\/","title":{"rendered":"TARTA DE QUESO Y AR\u00c1NDANOS"},"content":{"rendered":"\n<p>Para terminar una Tarta de Queso y Ar\u00e1ndanos, lo podemos hacer con mermeladas o compotas. La diferencia principal entre ellas, es que la <strong>mermelada<\/strong> se prepara con el pur\u00e9 de frutas cocidas en az\u00facar y la <strong>compota <\/strong>cociendo frutas en alm\u00edbar. <\/p>\n\n\n\n<p>La tarta queda buen\u00edsima con cualquiera de estas 2 opciones.<\/p>\n\n\n\n<p><a href=\"https:\/\/promonatur.com\/module\/iqitsearch\/searchiqit?s=valle+de+taibilla\" target=\"_blank\" rel=\"noreferrer noopener\">Si quieres conocer toda la variedad de mermeladas y compotas de futa ecol\u00f3gica que tenemos, puedes verlas en nuestra tienda online.<\/a><\/p>\n\n\n\n<p>Hoy te dejamos una RECETA DE TARTA DE QUESO CON MERMELADA DE AR\u00c1NDANOS. <\/p>\n\n\n\n<p>Est\u00e1 buen\u00edsima y es muy sencilla de preparar.<\/p>\n\n\n\n<h2 class=\"has-text-align-center wp-block-heading\" style=\"font-size:25px\"><strong><mark style=\"background-color:rgba(0, 0, 0, 0)\" class=\"has-inline-color has-ast-global-color-0-color\">RECETA DE TARTA DE QUESO CON MERMELADA DE AR\u00c1NDANOS<\/mark><\/strong><\/h2>\n\n\n\n<figure class=\"wp-block-image aligncenter size-full is-resized\"><img loading=\"lazy\" decoding=\"async\" src=\"https:\/\/promonatur.com\/blog\/wp-content\/uploads\/2022\/10\/Captura-de-pantalla-2022-10-25-a-las-18.01.42-1.png\" alt=\"\" class=\"wp-image-744\" width=\"830\" height=\"316\" srcset=\"https:\/\/promonatur.com\/blog\/wp-content\/uploads\/2022\/10\/Captura-de-pantalla-2022-10-25-a-las-18.01.42-1.png 641w, https:\/\/promonatur.com\/blog\/wp-content\/uploads\/2022\/10\/Captura-de-pantalla-2022-10-25-a-las-18.01.42-1-300x114.png 300w\" sizes=\"auto, (max-width: 830px) 100vw, 830px\" \/><figcaption>TARTA DE QUESO Y MERMELADA DE AR\u00c1NDANOS<\/figcaption><\/figure>\n\n\n\n<h3 class=\"has-ast-global-color-0-color has-text-color has-medium-font-size wp-block-heading\"><mark><strong><mark style=\"background-color:var(--ast-global-color-5)\" class=\"has-inline-color has-ast-global-color-0-color\">INGREDIENTES PARA LA BASE<\/mark><\/strong><\/mark><\/h3>\n\n\n\n<p>170 gramos de Galletas Digestive o Mar\u00eda (si son Mar\u00eda a\u00f1\u00e1dele un poco de canela)<\/p>\n\n\n\n<p>2 Cucharas soperas de az\u00facar blanca<\/p>\n\n\n\n<p>1 Cucharas soperas de az\u00facar morena<\/p>\n\n\n\n<p>7 Cucharadas soperas de mantequilla l\u00edquida.<\/p>\n\n\n\n<h3 class=\"has-ast-global-color-8-color has-text-color has-medium-font-size wp-block-heading\"><strong><mark style=\"background-color:rgba(0, 0, 0, 0)\" class=\"has-inline-color has-ast-global-color-0-color\">INGREDIENTES PARA LA CREMA DE QUESO<\/mark><\/strong><\/h3>\n\n\n\n<p>910 gramos de Queso Philadelfia<\/p>\n\n\n\n<p>200 gramos de az\u00facar.<\/p>\n\n\n\n<p>160 gramos de nata<\/p>\n\n\n\n<p>1 \u00bd cucharada de caf\u00e9 de extracto de vainilla<\/p>\n\n\n\n<p>1 pellizco de sal<\/p>\n\n\n\n<p>4 huevos a temperatura ambiente batidos a tenedor.<\/p>\n\n\n\n<h3 class=\"has-ast-global-color-0-color has-text-color wp-block-heading\" style=\"font-size:18px\"><strong>PASOS A SEGUIR:<\/strong><\/h3>\n\n\n\n<p>Precalentar el horno a 160\u00baC<\/p>\n\n\n\n<p>Triturar las galletas con el az\u00facar blanca y morena, mezclar muy bien. A\u00f1adir la mantequilla y volver a mezclar todo bien.<\/p>\n\n\n\n<p>Poner la mezcla de las galletas en un molde redondo, cubriendo el fondo y los bordes, apretando bien para que quede compacto<\/p>\n\n\n\n<h4 class=\"has-ast-global-color-0-color has-text-color wp-block-heading\" style=\"font-size:18px\"><strong>C\u00f3mo hacer la CREMA DE QUESO:<\/strong><\/h4>\n\n\n\n<p>Batir la crema de queso philadefia hasta que quede cremosa, a\u00f1adir el az\u00facar y volver a batir.<\/p>\n\n\n\n<p>A\u00f1ade la nata, la vainilla, la sal, y bate hasta que quede bien mezclado, de tal forma que todo quede bien incorporado a la crema de queso.<\/p>\n\n\n\n<p>Con la batidora en velocidad 1 o 2, a\u00f1ade los huevos previamente batidos, poco a poco, hasta que todo quede bien ligado a la crema.<\/p>\n\n\n\n<p>Finalmente, vierte la crema de queso en el molde previamente cubierto con galletas.<\/p>\n\n\n\n<ul class=\"wp-block-list\"><li>Introduce el molde en el horno, durante 75 min, a fuego de 160\u00baC. Si durante este tiempo ves que se va poniendo dorado la parte de arriba, puedes cubrirlo con un poco de papel albal.<\/li><\/ul>\n\n\n\n<figure class=\"wp-block-image aligncenter size-large\"><img loading=\"lazy\" decoding=\"async\" width=\"1024\" height=\"501\" src=\"https:\/\/promonatur.com\/blog\/wp-content\/uploads\/2022\/10\/Captura-de-pantalla-2022-10-25-a-las-18.10.08-1024x501.png\" alt=\"\" class=\"wp-image-746\" srcset=\"https:\/\/promonatur.com\/blog\/wp-content\/uploads\/2022\/10\/Captura-de-pantalla-2022-10-25-a-las-18.10.08-1024x501.png 1024w, https:\/\/promonatur.com\/blog\/wp-content\/uploads\/2022\/10\/Captura-de-pantalla-2022-10-25-a-las-18.10.08-300x147.png 300w, https:\/\/promonatur.com\/blog\/wp-content\/uploads\/2022\/10\/Captura-de-pantalla-2022-10-25-a-las-18.10.08-768x375.png 768w, https:\/\/promonatur.com\/blog\/wp-content\/uploads\/2022\/10\/Captura-de-pantalla-2022-10-25-a-las-18.10.08.png 1027w\" sizes=\"auto, (max-width: 1024px) 100vw, 1024px\" \/><figcaption>TARTA DE QUESO EN UN RECIPIENTE DE HORNO DESMOLDABLE.<\/figcaption><\/figure>\n\n\n\n<p>Si ves que los bordes suben un poco m\u00e1s que el centro de la tarta, sube ligeramente la tempartura del horno a 170-180 grados, pero probablemente, entonces tendr\u00e1s que acortar el tiempo de horneado unos 10 min.<\/p>\n\n\n\n<h4 class=\"has-vivid-cyan-blue-color has-text-color wp-block-heading\">TRUCO PARA HORNEAR LA TARTA DE QUESO y AR\u00c1NDANOS:<\/h4>\n\n\n\n<p>A nosotros nos gusta hornear esta tarta al ba\u00f1o mar\u00eda. La textura te quedar\u00e1 mucho m\u00e1s suave y esponjosa. Para ello, cubre con papel Albal todo el molde por abajo, de tal forma que no le pueda entrar agua, luego col\u00f3calo en una fuente de horno con agua, que cubra el molde 3 cm, e introd\u00facelo en el horno.<\/p>\n\n\n\n<p>Cuando acabe el tiempo de horneado, retira el molde del horno, deja que enfrie 10 min, y finalmente retira el molde, dej\u00e1ndolo 1 o 2 horas fuera del horno, antes de meterlo en la nevera, al menos durante 6 horas.<\/p>\n\n\n\n<ul class=\"wp-block-list\"><li>Para acabar, puedes cubrir la parte de arriba con mermelada de ar\u00e1ndanos, o la que m\u00e1s te guste a ti, fresas o albaricoque son otras opciones deliciosas. <\/li><\/ul>\n\n\n\n<figure class=\"wp-block-image aligncenter size-full\"><img loading=\"lazy\" decoding=\"async\" width=\"989\" height=\"500\" src=\"https:\/\/promonatur.com\/blog\/wp-content\/uploads\/2022\/10\/Captura-de-pantalla-2022-10-25-a-las-18.03.04-1.png\" alt=\"\" class=\"wp-image-745\" srcset=\"https:\/\/promonatur.com\/blog\/wp-content\/uploads\/2022\/10\/Captura-de-pantalla-2022-10-25-a-las-18.03.04-1.png 989w, https:\/\/promonatur.com\/blog\/wp-content\/uploads\/2022\/10\/Captura-de-pantalla-2022-10-25-a-las-18.03.04-1-300x152.png 300w, https:\/\/promonatur.com\/blog\/wp-content\/uploads\/2022\/10\/Captura-de-pantalla-2022-10-25-a-las-18.03.04-1-768x388.png 768w\" sizes=\"auto, (max-width: 989px) 100vw, 989px\" \/><figcaption>MERMELADA DE AR\u00c1NDADO VALLE DE TAIBILLA (Elaborada con Fruta Ecol\u00f3gica)<\/figcaption><\/figure>\n\n\n\n<p class=\"has-text-align-center has-medium-font-size\"><strong><mark style=\"background-color:rgba(0, 0, 0, 0)\" class=\"has-inline-color has-ast-global-color-0-color\">Con las mermeladas de Valle de Taibilla no fallas, te quedar\u00e1 una tarta totalmente casera.<\/mark><\/strong><\/p>\n","protected":false},"excerpt":{"rendered":"<p>Para terminar una Tarta de Queso y Ar\u00e1ndanos, lo podemos hacer con mermeladas o compotas. La diferencia principal entre ellas, es que la mermelada se prepara con el pur\u00e9 de frutas cocidas en az\u00facar y la compota cociendo frutas en alm\u00edbar. La tarta queda buen\u00edsima con cualquiera de estas 2 opciones. Si quieres conocer toda &hellip;<\/p>\n<p class=\"read-more\"> <a class=\"\" href=\"https:\/\/promonatur.com\/blog\/2022\/10\/28\/tarta-de-queso-con-mermelada-de-arandanos\/\"> <span class=\"screen-reader-text\">TARTA DE QUESO Y AR\u00c1NDANOS<\/span> Leer m\u00e1s &raquo;<\/a><\/p>\n","protected":false},"author":1,"featured_media":741,"comment_status":"closed","ping_status":"closed","sticky":false,"template":"","format":"standard","meta":{"site-sidebar-layout":"default","site-content-layout":"default","ast-main-header-display":"","ast-hfb-above-header-display":"","ast-hfb-below-header-display":"","ast-hfb-mobile-header-display":"","site-post-title":"","ast-breadcrumbs-content":"","ast-featured-img":"","footer-sml-layout":"","theme-transparent-header-meta":"","adv-header-id-meta":"","stick-header-meta":"","header-above-stick-meta":"","header-main-stick-meta":"","header-below-stick-meta":"","footnotes":""},"categories":[24],"tags":[25],"class_list":["post-740","post","type-post","status-publish","format-standard","has-post-thumbnail","hentry","category-alimentacion","tag-tarta-de-queso"],"yoast_head":"<!-- This site is optimized with the Yoast SEO plugin v18.6 - https:\/\/yoast.com\/wordpress\/plugins\/seo\/ -->\n<title>TARTA DE QUESO Y AR\u00c1NDANOS - MERMELADAS ECOL\u00d3GICAS<\/title>\n<meta name=\"description\" content=\"La tarta de queso y mermelada de ar\u00e1ndanos es un postre irresistible, pero si adem\u00e1s es elaborada con fruta ecol\u00f3gica, est\u00e1 mas rica. Pru\u00e9bala!\" \/>\n<meta name=\"robots\" content=\"index, follow, max-snippet:-1, max-image-preview:large, max-video-preview:-1\" \/>\n<link rel=\"canonical\" href=\"https:\/\/promonatur.com\/blog\/2022\/10\/28\/tarta-de-queso-con-mermelada-de-arandanos\/\" \/>\n<meta property=\"og:locale\" content=\"es_ES\" \/>\n<meta property=\"og:type\" content=\"article\" \/>\n<meta property=\"og:title\" content=\"TARTA DE QUESO Y AR\u00c1NDANOS - MERMELADAS ECOL\u00d3GICAS\" \/>\n<meta property=\"og:description\" content=\"La tarta de queso y mermelada de ar\u00e1ndanos es un postre irresistible, pero si adem\u00e1s es elaborada con fruta ecol\u00f3gica, est\u00e1 mas rica. Pru\u00e9bala!\" \/>\n<meta property=\"og:url\" content=\"https:\/\/promonatur.com\/blog\/2022\/10\/28\/tarta-de-queso-con-mermelada-de-arandanos\/\" \/>\n<meta property=\"og:site_name\" content=\"Promonatur\" \/>\n<meta property=\"article:published_time\" content=\"2022-10-28T20:00:00+00:00\" \/>\n<meta property=\"article:modified_time\" content=\"2022-10-26T16:34:40+00:00\" \/>\n<meta property=\"og:image\" content=\"https:\/\/promonatur.com\/blog\/wp-content\/uploads\/2022\/10\/Tartadequeso-blog.jpg\" \/>\n\t<meta property=\"og:image:width\" content=\"900\" \/>\n\t<meta property=\"og:image:height\" content=\"300\" \/>\n\t<meta property=\"og:image:type\" content=\"image\/jpeg\" \/>\n<meta name=\"twitter:card\" content=\"summary_large_image\" \/>\n<meta name=\"twitter:label1\" content=\"Escrito por\" \/>\n\t<meta name=\"twitter:data1\" content=\"promonatur\" \/>\n\t<meta name=\"twitter:label2\" content=\"Tiempo de lectura\" \/>\n\t<meta name=\"twitter:data2\" content=\"4 minutos\" \/>\n<script type=\"application\/ld+json\" class=\"yoast-schema-graph\">{\"@context\":\"https:\/\/schema.org\",\"@graph\":[{\"@type\":\"WebSite\",\"@id\":\"https:\/\/promonatur.com\/blog\/#website\",\"url\":\"https:\/\/promonatur.com\/blog\/\",\"name\":\"Promonatur\",\"description\":\"Herbolario Online en las Islas Canarias - Solucionaes naturales a los problemas de tu salud\",\"potentialAction\":[{\"@type\":\"SearchAction\",\"target\":{\"@type\":\"EntryPoint\",\"urlTemplate\":\"https:\/\/promonatur.com\/blog\/?s={search_term_string}\"},\"query-input\":\"required name=search_term_string\"}],\"inLanguage\":\"es\"},{\"@type\":\"ImageObject\",\"@id\":\"https:\/\/promonatur.com\/blog\/2022\/10\/28\/tarta-de-queso-con-mermelada-de-arandanos\/#primaryimage\",\"inLanguage\":\"es\",\"url\":\"https:\/\/promonatur.com\/blog\/wp-content\/uploads\/2022\/10\/Tartadequeso-blog.jpg\",\"contentUrl\":\"https:\/\/promonatur.com\/blog\/wp-content\/uploads\/2022\/10\/Tartadequeso-blog.jpg\",\"width\":900,\"height\":300,\"caption\":\"RECETA DE TARTA DE QUESO Y ARANDANOS\"},{\"@type\":\"WebPage\",\"@id\":\"https:\/\/promonatur.com\/blog\/2022\/10\/28\/tarta-de-queso-con-mermelada-de-arandanos\/#webpage\",\"url\":\"https:\/\/promonatur.com\/blog\/2022\/10\/28\/tarta-de-queso-con-mermelada-de-arandanos\/\",\"name\":\"TARTA DE QUESO Y AR\u00c1NDANOS - MERMELADAS ECOL\u00d3GICAS\",\"isPartOf\":{\"@id\":\"https:\/\/promonatur.com\/blog\/#website\"},\"primaryImageOfPage\":{\"@id\":\"https:\/\/promonatur.com\/blog\/2022\/10\/28\/tarta-de-queso-con-mermelada-de-arandanos\/#primaryimage\"},\"datePublished\":\"2022-10-28T20:00:00+00:00\",\"dateModified\":\"2022-10-26T16:34:40+00:00\",\"author\":{\"@id\":\"https:\/\/promonatur.com\/blog\/#\/schema\/person\/0548e4c9bfeb11b6615c81d33d9f5b60\"},\"description\":\"La tarta de queso y mermelada de ar\u00e1ndanos es un postre irresistible, pero si adem\u00e1s es elaborada con fruta ecol\u00f3gica, est\u00e1 mas rica. Pru\u00e9bala!\",\"breadcrumb\":{\"@id\":\"https:\/\/promonatur.com\/blog\/2022\/10\/28\/tarta-de-queso-con-mermelada-de-arandanos\/#breadcrumb\"},\"inLanguage\":\"es\",\"potentialAction\":[{\"@type\":\"ReadAction\",\"target\":[\"https:\/\/promonatur.com\/blog\/2022\/10\/28\/tarta-de-queso-con-mermelada-de-arandanos\/\"]}]},{\"@type\":\"BreadcrumbList\",\"@id\":\"https:\/\/promonatur.com\/blog\/2022\/10\/28\/tarta-de-queso-con-mermelada-de-arandanos\/#breadcrumb\",\"itemListElement\":[{\"@type\":\"ListItem\",\"position\":1,\"name\":\"Portada\",\"item\":\"https:\/\/promonatur.com\/blog\/\"},{\"@type\":\"ListItem\",\"position\":2,\"name\":\"TARTA DE QUESO Y AR\u00c1NDANOS\"}]},{\"@type\":\"Person\",\"@id\":\"https:\/\/promonatur.com\/blog\/#\/schema\/person\/0548e4c9bfeb11b6615c81d33d9f5b60\",\"name\":\"promonatur\",\"image\":{\"@type\":\"ImageObject\",\"@id\":\"https:\/\/promonatur.com\/blog\/#personlogo\",\"inLanguage\":\"es\",\"url\":\"https:\/\/secure.gravatar.com\/avatar\/b7cbe5e780203fe1593ec7496d1aad5bad7d870c44eeb16946fdc9874ac7208a?s=96&d=mm&r=g\",\"contentUrl\":\"https:\/\/secure.gravatar.com\/avatar\/b7cbe5e780203fe1593ec7496d1aad5bad7d870c44eeb16946fdc9874ac7208a?s=96&d=mm&r=g\",\"caption\":\"promonatur\"},\"sameAs\":[\"https:\/\/promonatur.com\/blog\"],\"url\":\"https:\/\/promonatur.com\/blog\/author\/promonatur\/\"}]}<\/script>\n<!-- \/ Yoast SEO plugin. -->","yoast_head_json":{"title":"TARTA DE QUESO Y AR\u00c1NDANOS - MERMELADAS ECOL\u00d3GICAS","description":"La tarta de queso y mermelada de ar\u00e1ndanos es un postre irresistible, pero si adem\u00e1s es elaborada con fruta ecol\u00f3gica, est\u00e1 mas rica. Pru\u00e9bala!","robots":{"index":"index","follow":"follow","max-snippet":"max-snippet:-1","max-image-preview":"max-image-preview:large","max-video-preview":"max-video-preview:-1"},"canonical":"https:\/\/promonatur.com\/blog\/2022\/10\/28\/tarta-de-queso-con-mermelada-de-arandanos\/","og_locale":"es_ES","og_type":"article","og_title":"TARTA DE QUESO Y AR\u00c1NDANOS - MERMELADAS ECOL\u00d3GICAS","og_description":"La tarta de queso y mermelada de ar\u00e1ndanos es un postre irresistible, pero si adem\u00e1s es elaborada con fruta ecol\u00f3gica, est\u00e1 mas rica. Pru\u00e9bala!","og_url":"https:\/\/promonatur.com\/blog\/2022\/10\/28\/tarta-de-queso-con-mermelada-de-arandanos\/","og_site_name":"Promonatur","article_published_time":"2022-10-28T20:00:00+00:00","article_modified_time":"2022-10-26T16:34:40+00:00","og_image":[{"width":900,"height":300,"url":"https:\/\/promonatur.com\/blog\/wp-content\/uploads\/2022\/10\/Tartadequeso-blog.jpg","type":"image\/jpeg"}],"twitter_card":"summary_large_image","twitter_misc":{"Escrito por":"promonatur","Tiempo de lectura":"4 minutos"},"schema":{"@context":"https:\/\/schema.org","@graph":[{"@type":"WebSite","@id":"https:\/\/promonatur.com\/blog\/#website","url":"https:\/\/promonatur.com\/blog\/","name":"Promonatur","description":"Herbolario Online en las Islas Canarias - Solucionaes naturales a los problemas de tu salud","potentialAction":[{"@type":"SearchAction","target":{"@type":"EntryPoint","urlTemplate":"https:\/\/promonatur.com\/blog\/?s={search_term_string}"},"query-input":"required name=search_term_string"}],"inLanguage":"es"},{"@type":"ImageObject","@id":"https:\/\/promonatur.com\/blog\/2022\/10\/28\/tarta-de-queso-con-mermelada-de-arandanos\/#primaryimage","inLanguage":"es","url":"https:\/\/promonatur.com\/blog\/wp-content\/uploads\/2022\/10\/Tartadequeso-blog.jpg","contentUrl":"https:\/\/promonatur.com\/blog\/wp-content\/uploads\/2022\/10\/Tartadequeso-blog.jpg","width":900,"height":300,"caption":"RECETA DE TARTA DE QUESO Y ARANDANOS"},{"@type":"WebPage","@id":"https:\/\/promonatur.com\/blog\/2022\/10\/28\/tarta-de-queso-con-mermelada-de-arandanos\/#webpage","url":"https:\/\/promonatur.com\/blog\/2022\/10\/28\/tarta-de-queso-con-mermelada-de-arandanos\/","name":"TARTA DE QUESO Y AR\u00c1NDANOS - MERMELADAS ECOL\u00d3GICAS","isPartOf":{"@id":"https:\/\/promonatur.com\/blog\/#website"},"primaryImageOfPage":{"@id":"https:\/\/promonatur.com\/blog\/2022\/10\/28\/tarta-de-queso-con-mermelada-de-arandanos\/#primaryimage"},"datePublished":"2022-10-28T20:00:00+00:00","dateModified":"2022-10-26T16:34:40+00:00","author":{"@id":"https:\/\/promonatur.com\/blog\/#\/schema\/person\/0548e4c9bfeb11b6615c81d33d9f5b60"},"description":"La tarta de queso y mermelada de ar\u00e1ndanos es un postre irresistible, pero si adem\u00e1s es elaborada con fruta ecol\u00f3gica, est\u00e1 mas rica. Pru\u00e9bala!","breadcrumb":{"@id":"https:\/\/promonatur.com\/blog\/2022\/10\/28\/tarta-de-queso-con-mermelada-de-arandanos\/#breadcrumb"},"inLanguage":"es","potentialAction":[{"@type":"ReadAction","target":["https:\/\/promonatur.com\/blog\/2022\/10\/28\/tarta-de-queso-con-mermelada-de-arandanos\/"]}]},{"@type":"BreadcrumbList","@id":"https:\/\/promonatur.com\/blog\/2022\/10\/28\/tarta-de-queso-con-mermelada-de-arandanos\/#breadcrumb","itemListElement":[{"@type":"ListItem","position":1,"name":"Portada","item":"https:\/\/promonatur.com\/blog\/"},{"@type":"ListItem","position":2,"name":"TARTA DE QUESO Y AR\u00c1NDANOS"}]},{"@type":"Person","@id":"https:\/\/promonatur.com\/blog\/#\/schema\/person\/0548e4c9bfeb11b6615c81d33d9f5b60","name":"promonatur","image":{"@type":"ImageObject","@id":"https:\/\/promonatur.com\/blog\/#personlogo","inLanguage":"es","url":"https:\/\/secure.gravatar.com\/avatar\/b7cbe5e780203fe1593ec7496d1aad5bad7d870c44eeb16946fdc9874ac7208a?s=96&d=mm&r=g","contentUrl":"https:\/\/secure.gravatar.com\/avatar\/b7cbe5e780203fe1593ec7496d1aad5bad7d870c44eeb16946fdc9874ac7208a?s=96&d=mm&r=g","caption":"promonatur"},"sameAs":["https:\/\/promonatur.com\/blog"],"url":"https:\/\/promonatur.com\/blog\/author\/promonatur\/"}]}},"_links":{"self":[{"href":"https:\/\/promonatur.com\/blog\/wp-json\/wp\/v2\/posts\/740","targetHints":{"allow":["GET"]}}],"collection":[{"href":"https:\/\/promonatur.com\/blog\/wp-json\/wp\/v2\/posts"}],"about":[{"href":"https:\/\/promonatur.com\/blog\/wp-json\/wp\/v2\/types\/post"}],"author":[{"embeddable":true,"href":"https:\/\/promonatur.com\/blog\/wp-json\/wp\/v2\/users\/1"}],"replies":[{"embeddable":true,"href":"https:\/\/promonatur.com\/blog\/wp-json\/wp\/v2\/comments?post=740"}],"version-history":[{"count":6,"href":"https:\/\/promonatur.com\/blog\/wp-json\/wp\/v2\/posts\/740\/revisions"}],"predecessor-version":[{"id":752,"href":"https:\/\/promonatur.com\/blog\/wp-json\/wp\/v2\/posts\/740\/revisions\/752"}],"wp:featuredmedia":[{"embeddable":true,"href":"https:\/\/promonatur.com\/blog\/wp-json\/wp\/v2\/media\/741"}],"wp:attachment":[{"href":"https:\/\/promonatur.com\/blog\/wp-json\/wp\/v2\/media?parent=740"}],"wp:term":[{"taxonomy":"category","embeddable":true,"href":"https:\/\/promonatur.com\/blog\/wp-json\/wp\/v2\/categories?post=740"},{"taxonomy":"post_tag","embeddable":true,"href":"https:\/\/promonatur.com\/blog\/wp-json\/wp\/v2\/tags?post=740"}],"curies":[{"name":"wp","href":"https:\/\/api.w.org\/{rel}","templated":true}]}}